{"id":1512,"date":"2026-02-13T12:33:25","date_gmt":"2026-02-13T12:33:25","guid":{"rendered":"https:\/\/quiereterapias.rkinformatika.online\/?p=1512"},"modified":"2026-02-25T08:35:32","modified_gmt":"2026-02-25T08:35:32","slug":"musicoterapia-musica-para-expresar-lo-que-sientes","status":"publish","type":"post","link":"https:\/\/quiereterapias.es\/en\/musicoterapia-musica-para-expresar-lo-que-sientes\/","title":{"rendered":"\u00bfPara qu\u00e9 musicoterapia y por qu\u00e9 con un musicoterapeuta?"},"content":{"rendered":"<div data-elementor-type=\"wp-post\" data-elementor-id=\"1512\" class=\"elementor elementor-1512\" data-elementor-post-type=\"post\">\n\t\t\t\t<div class=\"elementor-element elementor-element-1498a17 e-flex e-con-boxed e-con e-parent\" data-id=\"1498a17\" data-element_type=\"container\" data-e-type=\"container\">\n\t\t\t\t\t<div class=\"e-con-inner\">\n\t\t<div class=\"elementor-element elementor-element-83822a1 e-con-full e-flex e-con e-child\" data-id=\"83822a1\" data-element_type=\"container\" data-e-type=\"container\" data-settings=\"{&quot;background_background&quot;:&quot;classic&quot;}\">\n\t\t\t\t<div class=\"elementor-element elementor-element-932b6a0 elementor-widget elementor-widget-spacer\" data-id=\"932b6a0\" data-element_type=\"widget\" data-e-type=\"widget\" data-widget_type=\"spacer.default\">\n\t\t\t\t\t\t\t<div class=\"elementor-spacer\">\n\t\t\t<div class=\"elementor-spacer-inner\"><\/div>\n\t\t<\/div>\n\t\t\t\t\t\t<\/div>\n\t\t\t\t<\/div>\n\t\t<div class=\"elementor-element elementor-element-38872e5 e-con-full e-flex e-con e-child\" data-id=\"38872e5\" data-element_type=\"container\" data-e-type=\"container\">\n\t\t\t\t<div class=\"elementor-element elementor-element-f4da98b elementor-widget elementor-widget-heading\" data-id=\"f4da98b\" data-element_type=\"widget\" data-e-type=\"widget\" data-widget_type=\"heading.default\">\n\t\t\t\t\t<h2 class=\"elementor-heading-title elementor-size-default\">\u00bfPara qu\u00e9 Musicoterapia y por qu\u00e9 con un musicoterapeuta?<\/h2>\t\t\t\t<\/div>\n\t\t\t\t<div class=\"elementor-element elementor-element-11ef53b elementor-widget elementor-widget-text-editor\" data-id=\"11ef53b\" data-element_type=\"widget\" data-e-type=\"widget\" data-widget_type=\"text-editor.default\">\n\t\t\t\t\t\t\t\t\t<p data-start=\"931\" data-end=\"1089\">La palabra lo dice: musicoterapia es hacer terapia con m\u00fasica. En musicoterapia utilizamos los principales elementos de la m\u00fasica, como el ritmo, la armon\u00eda y la melod\u00eda, para conseguir unos objetivos, acordados con el usuario o su familia, as\u00ed como otros terapeutas que acompa\u00f1en a la persona.<\/p><p data-start=\"931\" data-end=\"1089\">El objetivo general es mejorar la calidad de vida y el bienestar de dicho usuario\/persona; para ello, se a\u00f1adir\u00e1n otros objetivos en las sesiones y, a medio\/largo plazo, personalizados. Pero en este art\u00edculo, quiero ir m\u00e1s all\u00e1 respecto al significado de la palabra, porque nos puede dar informaci\u00f3n acerca de para qu\u00e9 y para qui\u00e9nes es la musicoterapia.<\/p><p data-start=\"931\" data-end=\"1089\">M\u00fasica y terapia son dos t\u00e9rminos que provienen del griego, que significan respectivamente \u201carte de las musas\u201d y \u201ccuraci\u00f3n\/cuidado\u201d. Si seguimos tirando del hilo: arte viene del lat\u00edn \u201cars\u201d, que significa \u201chabilidad\/saber hacer\u201d; y las musas, en la antigua Grecia, eran sus divinidades femeninas, pero la ra\u00edz indoeuropea de la palabra \u201cmusa\u201d es \u201cmen\u201d; por eso, se relaciona el significado de esta palabra con mente y con la inspiraci\u00f3n creativa. Por todo ello, musicoterapia ser\u00eda algo as\u00ed como la <em>curaci\u00f3n a trav\u00e9s del saber hacer de la inspiraci\u00f3n creativa. <\/em><\/p><p data-start=\"931\" data-end=\"1089\">Todos tenemos capacidad de crear: ni\u00f1os, adolescentes y adultos. No solo a nivel art\u00edstico, sino jugando, cocinando, escribiendo\u2026 y tomando decisiones o llevando a cabo cualquier acci\u00f3n en nuestro d\u00eda a d\u00eda, ya que as\u00ed vamos creando nuestra propia vida. A lo largo de nuestra existencia, hay momentos en los que no podemos tomar esas decisiones o llevar a cabo determinadas acciones por nosotros mismos, bien porque a\u00fan no estamos preparados (infancia, adolescencia, personas con alguna diversidad funcional, etc.), o bien, porque perdemos la inspiraci\u00f3n para seguir conduciendo nuestra vida (dificultades emocionales, ansiedad, depresi\u00f3n, etc.).<\/p><p data-start=\"931\" data-end=\"1089\">Una de las formas de recuperar la capacidad de crear es a trav\u00e9s de la m\u00fasica, y si te acompa\u00f1a un musicoterapeuta en tu proceso, \u00a1mucho mejor!, porque tendr\u00e1s una gu\u00eda especializada para ello. Igual que para escalar el Everest hay un sherpa que gu\u00eda a los alpinistas, en un proceso terap\u00e9utico con m\u00fasica debe haber un musicoterapeuta. T\u00fa no tienes por qu\u00e9 saber m\u00fasica, ni saber tocar un instrumento, ni afinar para cantar\u2026 La m\u00fasica ser\u00e1 el veh\u00edculo, la herramienta para conseguir lo que necesites, y el musicoterapeuta, el facilitador del proceso de recuperaci\u00f3n de tu poder de crear.<\/p>\t\t\t\t\t\t\t\t<\/div>\n\t\t\t\t<\/div>\n\t\t\t\t\t<\/div>\n\t\t\t\t<\/div>\n\t\t\t\t<\/div>","protected":false},"excerpt":{"rendered":"<p>\u00bfPara qu\u00e9 Musicoterapia y por qu\u00e9 con un musicoterapeuta? La palabra lo dice: musicoterapia es hacer terapia con m\u00fasica. En musicoterapia utilizamos los principales elementos de la m\u00fasica, como el ritmo, la armon\u00eda y la melod\u00eda, para conseguir unos objetivos, acordados con el usuario o su familia, as\u00ed como otros terapeutas que acompa\u00f1en a la [&hellip;]<\/p>\n","protected":false},"author":1,"featured_media":2263,"comment_status":"closed","ping_status":"closed","sticky":false,"template":"elementor_canvas","format":"standard","meta":{"footnotes":""},"categories":[1],"tags":[],"class_list":["post-1512","post","type-post","status-publish","format-standard","has-post-thumbnail","hentry","category-uncategorized"],"yoast_head":"<!-- This site is optimized with the Yoast SEO plugin v27.5 - https:\/\/yoast.com\/product\/yoast-seo-wordpress\/ -->\n<title>\u00bfPara qu\u00e9 musicoterapia y por qu\u00e9 con un musicoterapeuta? - quiereterapias<\/title>\n<meta name=\"robots\" content=\"index, follow, max-snippet:-1, max-image-preview:large, max-video-preview:-1\" \/>\n<link rel=\"canonical\" href=\"https:\/\/quiereterapias.es\/en\/musicoterapia-musica-para-expresar-lo-que-sientes\/\" \/>\n<meta property=\"og:locale\" content=\"en_GB\" \/>\n<meta property=\"og:type\" content=\"article\" \/>\n<meta property=\"og:title\" content=\"\u00bfPara qu\u00e9 musicoterapia y por qu\u00e9 con un musicoterapeuta? - quiereterapias\" \/>\n<meta property=\"og:description\" content=\"\u00bfPara qu\u00e9 Musicoterapia y por qu\u00e9 con un musicoterapeuta? La palabra lo dice: musicoterapia es hacer terapia con m\u00fasica. En musicoterapia utilizamos los principales elementos de la m\u00fasica, como el ritmo, la armon\u00eda y la melod\u00eda, para conseguir unos objetivos, acordados con el usuario o su familia, as\u00ed como otros terapeutas que acompa\u00f1en a la [&hellip;]\" \/>\n<meta property=\"og:url\" content=\"https:\/\/quiereterapias.es\/en\/musicoterapia-musica-para-expresar-lo-que-sientes\/\" \/>\n<meta property=\"og:site_name\" content=\"quiereterapias\" \/>\n<meta property=\"article:published_time\" content=\"2026-02-13T12:33:25+00:00\" \/>\n<meta property=\"article:modified_time\" content=\"2026-02-25T08:35:32+00:00\" \/>\n<meta property=\"og:image\" content=\"https:\/\/quiereterapias.es\/wp-content\/uploads\/2026\/02\/IMG-20240518-WA0011.jpg\" \/>\n\t<meta property=\"og:image:width\" content=\"1200\" \/>\n\t<meta property=\"og:image:height\" content=\"1600\" \/>\n\t<meta property=\"og:image:type\" content=\"image\/jpeg\" \/>\n<meta name=\"author\" content=\"admin\" \/>\n<meta name=\"twitter:card\" content=\"summary_large_image\" \/>\n<meta name=\"twitter:label1\" content=\"Written by\" \/>\n\t<meta name=\"twitter:data1\" content=\"admin\" \/>\n\t<meta name=\"twitter:label2\" content=\"Estimated reading time\" \/>\n\t<meta name=\"twitter:data2\" content=\"2 minutes\" \/>\n<script type=\"application\/ld+json\" class=\"yoast-schema-graph\">{\"@context\":\"https:\\\/\\\/schema.org\",\"@graph\":[{\"@type\":\"Article\",\"@id\":\"https:\\\/\\\/quiereterapias.es\\\/musicoterapia-musica-para-expresar-lo-que-sientes\\\/#article\",\"isPartOf\":{\"@id\":\"https:\\\/\\\/quiereterapias.es\\\/musicoterapia-musica-para-expresar-lo-que-sientes\\\/\"},\"author\":{\"name\":\"admin\",\"@id\":\"https:\\\/\\\/quiereterapias.es\\\/#\\\/schema\\\/person\\\/ec6852eaf4c10b1cd3f821d60de4bd46\"},\"headline\":\"\u00bfPara qu\u00e9 musicoterapia y por qu\u00e9 con un musicoterapeuta?\",\"datePublished\":\"2026-02-13T12:33:25+00:00\",\"dateModified\":\"2026-02-25T08:35:32+00:00\",\"mainEntityOfPage\":{\"@id\":\"https:\\\/\\\/quiereterapias.es\\\/musicoterapia-musica-para-expresar-lo-que-sientes\\\/\"},\"wordCount\":452,\"publisher\":{\"@id\":\"https:\\\/\\\/quiereterapias.es\\\/#organization\"},\"image\":{\"@id\":\"https:\\\/\\\/quiereterapias.es\\\/musicoterapia-musica-para-expresar-lo-que-sientes\\\/#primaryimage\"},\"thumbnailUrl\":\"https:\\\/\\\/quiereterapias.es\\\/wp-content\\\/uploads\\\/2026\\\/02\\\/IMG-20240518-WA0011.jpg\",\"articleSection\":[\"Uncategorized\"],\"inLanguage\":\"en-GB\"},{\"@type\":\"WebPage\",\"@id\":\"https:\\\/\\\/quiereterapias.es\\\/musicoterapia-musica-para-expresar-lo-que-sientes\\\/\",\"url\":\"https:\\\/\\\/quiereterapias.es\\\/musicoterapia-musica-para-expresar-lo-que-sientes\\\/\",\"name\":\"\u00bfPara qu\u00e9 musicoterapia y por qu\u00e9 con un musicoterapeuta? - quiereterapias\",\"isPartOf\":{\"@id\":\"https:\\\/\\\/quiereterapias.es\\\/#website\"},\"primaryImageOfPage\":{\"@id\":\"https:\\\/\\\/quiereterapias.es\\\/musicoterapia-musica-para-expresar-lo-que-sientes\\\/#primaryimage\"},\"image\":{\"@id\":\"https:\\\/\\\/quiereterapias.es\\\/musicoterapia-musica-para-expresar-lo-que-sientes\\\/#primaryimage\"},\"thumbnailUrl\":\"https:\\\/\\\/quiereterapias.es\\\/wp-content\\\/uploads\\\/2026\\\/02\\\/IMG-20240518-WA0011.jpg\",\"datePublished\":\"2026-02-13T12:33:25+00:00\",\"dateModified\":\"2026-02-25T08:35:32+00:00\",\"breadcrumb\":{\"@id\":\"https:\\\/\\\/quiereterapias.es\\\/musicoterapia-musica-para-expresar-lo-que-sientes\\\/#breadcrumb\"},\"inLanguage\":\"en-GB\",\"potentialAction\":[{\"@type\":\"ReadAction\",\"target\":[\"https:\\\/\\\/quiereterapias.es\\\/musicoterapia-musica-para-expresar-lo-que-sientes\\\/\"]}]},{\"@type\":\"ImageObject\",\"inLanguage\":\"en-GB\",\"@id\":\"https:\\\/\\\/quiereterapias.es\\\/musicoterapia-musica-para-expresar-lo-que-sientes\\\/#primaryimage\",\"url\":\"https:\\\/\\\/quiereterapias.es\\\/wp-content\\\/uploads\\\/2026\\\/02\\\/IMG-20240518-WA0011.jpg\",\"contentUrl\":\"https:\\\/\\\/quiereterapias.es\\\/wp-content\\\/uploads\\\/2026\\\/02\\\/IMG-20240518-WA0011.jpg\",\"width\":1200,\"height\":1600},{\"@type\":\"BreadcrumbList\",\"@id\":\"https:\\\/\\\/quiereterapias.es\\\/musicoterapia-musica-para-expresar-lo-que-sientes\\\/#breadcrumb\",\"itemListElement\":[{\"@type\":\"ListItem\",\"position\":1,\"name\":\"Portada\",\"item\":\"https:\\\/\\\/quiereterapias.es\\\/\"},{\"@type\":\"ListItem\",\"position\":2,\"name\":\"\u00bfPara qu\u00e9 musicoterapia y por qu\u00e9 con un musicoterapeuta?\"}]},{\"@type\":\"WebSite\",\"@id\":\"https:\\\/\\\/quiereterapias.es\\\/#website\",\"url\":\"https:\\\/\\\/quiereterapias.es\\\/\",\"name\":\"quiereterapias\",\"description\":\"\",\"publisher\":{\"@id\":\"https:\\\/\\\/quiereterapias.es\\\/#organization\"},\"potentialAction\":[{\"@type\":\"SearchAction\",\"target\":{\"@type\":\"EntryPoint\",\"urlTemplate\":\"https:\\\/\\\/quiereterapias.es\\\/?s={search_term_string}\"},\"query-input\":{\"@type\":\"PropertyValueSpecification\",\"valueRequired\":true,\"valueName\":\"search_term_string\"}}],\"inLanguage\":\"en-GB\"},{\"@type\":\"Organization\",\"@id\":\"https:\\\/\\\/quiereterapias.es\\\/#organization\",\"name\":\"quiereterapias\",\"url\":\"https:\\\/\\\/quiereterapias.es\\\/\",\"logo\":{\"@type\":\"ImageObject\",\"inLanguage\":\"en-GB\",\"@id\":\"https:\\\/\\\/quiereterapias.es\\\/#\\\/schema\\\/logo\\\/image\\\/\",\"url\":\"https:\\\/\\\/quiereterapias.es\\\/wp-content\\\/uploads\\\/2026\\\/01\\\/cropped-LOGO_sinfondo.png\",\"contentUrl\":\"https:\\\/\\\/quiereterapias.es\\\/wp-content\\\/uploads\\\/2026\\\/01\\\/cropped-LOGO_sinfondo.png\",\"width\":1024,\"height\":497,\"caption\":\"quiereterapias\"},\"image\":{\"@id\":\"https:\\\/\\\/quiereterapias.es\\\/#\\\/schema\\\/logo\\\/image\\\/\"}},{\"@type\":\"Person\",\"@id\":\"https:\\\/\\\/quiereterapias.es\\\/#\\\/schema\\\/person\\\/ec6852eaf4c10b1cd3f821d60de4bd46\",\"name\":\"admin\",\"image\":{\"@type\":\"ImageObject\",\"inLanguage\":\"en-GB\",\"@id\":\"https:\\\/\\\/secure.gravatar.com\\\/avatar\\\/f2ca774fea9c7641cc05fbc2171c6da3c4cc8af6350d23a15a009fdc6c104ed3?s=96&d=mm&r=g\",\"url\":\"https:\\\/\\\/secure.gravatar.com\\\/avatar\\\/f2ca774fea9c7641cc05fbc2171c6da3c4cc8af6350d23a15a009fdc6c104ed3?s=96&d=mm&r=g\",\"contentUrl\":\"https:\\\/\\\/secure.gravatar.com\\\/avatar\\\/f2ca774fea9c7641cc05fbc2171c6da3c4cc8af6350d23a15a009fdc6c104ed3?s=96&d=mm&r=g\",\"caption\":\"admin\"},\"sameAs\":[\"https:\\\/\\\/quiereterapias.es\"],\"url\":\"https:\\\/\\\/quiereterapias.es\\\/en\\\/author\\\/quiereterapias\\\/\"}]}<\/script>\n<!-- \/ Yoast SEO plugin. -->","yoast_head_json":{"title":"\u00bfPara qu\u00e9 musicoterapia y por qu\u00e9 con un musicoterapeuta? - quiereterapias","robots":{"index":"index","follow":"follow","max-snippet":"max-snippet:-1","max-image-preview":"max-image-preview:large","max-video-preview":"max-video-preview:-1"},"canonical":"https:\/\/quiereterapias.es\/en\/musicoterapia-musica-para-expresar-lo-que-sientes\/","og_locale":"en_GB","og_type":"article","og_title":"\u00bfPara qu\u00e9 musicoterapia y por qu\u00e9 con un musicoterapeuta? - quiereterapias","og_description":"\u00bfPara qu\u00e9 Musicoterapia y por qu\u00e9 con un musicoterapeuta? La palabra lo dice: musicoterapia es hacer terapia con m\u00fasica. En musicoterapia utilizamos los principales elementos de la m\u00fasica, como el ritmo, la armon\u00eda y la melod\u00eda, para conseguir unos objetivos, acordados con el usuario o su familia, as\u00ed como otros terapeutas que acompa\u00f1en a la [&hellip;]","og_url":"https:\/\/quiereterapias.es\/en\/musicoterapia-musica-para-expresar-lo-que-sientes\/","og_site_name":"quiereterapias","article_published_time":"2026-02-13T12:33:25+00:00","article_modified_time":"2026-02-25T08:35:32+00:00","og_image":[{"width":1200,"height":1600,"url":"https:\/\/quiereterapias.es\/wp-content\/uploads\/2026\/02\/IMG-20240518-WA0011.jpg","type":"image\/jpeg"}],"author":"admin","twitter_card":"summary_large_image","twitter_misc":{"Written by":"admin","Estimated reading time":"2 minutes"},"schema":{"@context":"https:\/\/schema.org","@graph":[{"@type":"Article","@id":"https:\/\/quiereterapias.es\/musicoterapia-musica-para-expresar-lo-que-sientes\/#article","isPartOf":{"@id":"https:\/\/quiereterapias.es\/musicoterapia-musica-para-expresar-lo-que-sientes\/"},"author":{"name":"admin","@id":"https:\/\/quiereterapias.es\/#\/schema\/person\/ec6852eaf4c10b1cd3f821d60de4bd46"},"headline":"\u00bfPara qu\u00e9 musicoterapia y por qu\u00e9 con un musicoterapeuta?","datePublished":"2026-02-13T12:33:25+00:00","dateModified":"2026-02-25T08:35:32+00:00","mainEntityOfPage":{"@id":"https:\/\/quiereterapias.es\/musicoterapia-musica-para-expresar-lo-que-sientes\/"},"wordCount":452,"publisher":{"@id":"https:\/\/quiereterapias.es\/#organization"},"image":{"@id":"https:\/\/quiereterapias.es\/musicoterapia-musica-para-expresar-lo-que-sientes\/#primaryimage"},"thumbnailUrl":"https:\/\/quiereterapias.es\/wp-content\/uploads\/2026\/02\/IMG-20240518-WA0011.jpg","articleSection":["Uncategorized"],"inLanguage":"en-GB"},{"@type":"WebPage","@id":"https:\/\/quiereterapias.es\/musicoterapia-musica-para-expresar-lo-que-sientes\/","url":"https:\/\/quiereterapias.es\/musicoterapia-musica-para-expresar-lo-que-sientes\/","name":"\u00bfPara qu\u00e9 musicoterapia y por qu\u00e9 con un musicoterapeuta? - quiereterapias","isPartOf":{"@id":"https:\/\/quiereterapias.es\/#website"},"primaryImageOfPage":{"@id":"https:\/\/quiereterapias.es\/musicoterapia-musica-para-expresar-lo-que-sientes\/#primaryimage"},"image":{"@id":"https:\/\/quiereterapias.es\/musicoterapia-musica-para-expresar-lo-que-sientes\/#primaryimage"},"thumbnailUrl":"https:\/\/quiereterapias.es\/wp-content\/uploads\/2026\/02\/IMG-20240518-WA0011.jpg","datePublished":"2026-02-13T12:33:25+00:00","dateModified":"2026-02-25T08:35:32+00:00","breadcrumb":{"@id":"https:\/\/quiereterapias.es\/musicoterapia-musica-para-expresar-lo-que-sientes\/#breadcrumb"},"inLanguage":"en-GB","potentialAction":[{"@type":"ReadAction","target":["https:\/\/quiereterapias.es\/musicoterapia-musica-para-expresar-lo-que-sientes\/"]}]},{"@type":"ImageObject","inLanguage":"en-GB","@id":"https:\/\/quiereterapias.es\/musicoterapia-musica-para-expresar-lo-que-sientes\/#primaryimage","url":"https:\/\/quiereterapias.es\/wp-content\/uploads\/2026\/02\/IMG-20240518-WA0011.jpg","contentUrl":"https:\/\/quiereterapias.es\/wp-content\/uploads\/2026\/02\/IMG-20240518-WA0011.jpg","width":1200,"height":1600},{"@type":"BreadcrumbList","@id":"https:\/\/quiereterapias.es\/musicoterapia-musica-para-expresar-lo-que-sientes\/#breadcrumb","itemListElement":[{"@type":"ListItem","position":1,"name":"Portada","item":"https:\/\/quiereterapias.es\/"},{"@type":"ListItem","position":2,"name":"\u00bfPara qu\u00e9 musicoterapia y por qu\u00e9 con un musicoterapeuta?"}]},{"@type":"WebSite","@id":"https:\/\/quiereterapias.es\/#website","url":"https:\/\/quiereterapias.es\/","name":"quiereterapias","description":"","publisher":{"@id":"https:\/\/quiereterapias.es\/#organization"},"potentialAction":[{"@type":"SearchAction","target":{"@type":"EntryPoint","urlTemplate":"https:\/\/quiereterapias.es\/?s={search_term_string}"},"query-input":{"@type":"PropertyValueSpecification","valueRequired":true,"valueName":"search_term_string"}}],"inLanguage":"en-GB"},{"@type":"Organization","@id":"https:\/\/quiereterapias.es\/#organization","name":"quiereterapias","url":"https:\/\/quiereterapias.es\/","logo":{"@type":"ImageObject","inLanguage":"en-GB","@id":"https:\/\/quiereterapias.es\/#\/schema\/logo\/image\/","url":"https:\/\/quiereterapias.es\/wp-content\/uploads\/2026\/01\/cropped-LOGO_sinfondo.png","contentUrl":"https:\/\/quiereterapias.es\/wp-content\/uploads\/2026\/01\/cropped-LOGO_sinfondo.png","width":1024,"height":497,"caption":"quiereterapias"},"image":{"@id":"https:\/\/quiereterapias.es\/#\/schema\/logo\/image\/"}},{"@type":"Person","@id":"https:\/\/quiereterapias.es\/#\/schema\/person\/ec6852eaf4c10b1cd3f821d60de4bd46","name":"admin","image":{"@type":"ImageObject","inLanguage":"en-GB","@id":"https:\/\/secure.gravatar.com\/avatar\/f2ca774fea9c7641cc05fbc2171c6da3c4cc8af6350d23a15a009fdc6c104ed3?s=96&d=mm&r=g","url":"https:\/\/secure.gravatar.com\/avatar\/f2ca774fea9c7641cc05fbc2171c6da3c4cc8af6350d23a15a009fdc6c104ed3?s=96&d=mm&r=g","contentUrl":"https:\/\/secure.gravatar.com\/avatar\/f2ca774fea9c7641cc05fbc2171c6da3c4cc8af6350d23a15a009fdc6c104ed3?s=96&d=mm&r=g","caption":"admin"},"sameAs":["https:\/\/quiereterapias.es"],"url":"https:\/\/quiereterapias.es\/en\/author\/quiereterapias\/"}]}},"_links":{"self":[{"href":"https:\/\/quiereterapias.es\/en\/wp-json\/wp\/v2\/posts\/1512","targetHints":{"allow":["GET"]}}],"collection":[{"href":"https:\/\/quiereterapias.es\/en\/wp-json\/wp\/v2\/posts"}],"about":[{"href":"https:\/\/quiereterapias.es\/en\/wp-json\/wp\/v2\/types\/post"}],"author":[{"embeddable":true,"href":"https:\/\/quiereterapias.es\/en\/wp-json\/wp\/v2\/users\/1"}],"replies":[{"embeddable":true,"href":"https:\/\/quiereterapias.es\/en\/wp-json\/wp\/v2\/comments?post=1512"}],"version-history":[{"count":53,"href":"https:\/\/quiereterapias.es\/en\/wp-json\/wp\/v2\/posts\/1512\/revisions"}],"predecessor-version":[{"id":2842,"href":"https:\/\/quiereterapias.es\/en\/wp-json\/wp\/v2\/posts\/1512\/revisions\/2842"}],"wp:featuredmedia":[{"embeddable":true,"href":"https:\/\/quiereterapias.es\/en\/wp-json\/wp\/v2\/media\/2263"}],"wp:attachment":[{"href":"https:\/\/quiereterapias.es\/en\/wp-json\/wp\/v2\/media?parent=1512"}],"wp:term":[{"taxonomy":"category","embeddable":true,"href":"https:\/\/quiereterapias.es\/en\/wp-json\/wp\/v2\/categories?post=1512"},{"taxonomy":"post_tag","embeddable":true,"href":"https:\/\/quiereterapias.es\/en\/wp-json\/wp\/v2\/tags?post=1512"}],"curies":[{"name":"wp","href":"https:\/\/api.w.org\/{rel}","templated":true}]}}